{"id":274,"date":"2016-12-07T07:37:08","date_gmt":"2016-12-07T07:37:08","guid":{"rendered":"https:\/\/granada.fesofiabarat.es\/?p=274"},"modified":"2019-05-02T15:07:57","modified_gmt":"2019-05-02T15:07:57","slug":"celebramos-el-dia-de-la-constitucion-espanola","status":"publish","type":"post","link":"https:\/\/granada.fesofiabarat.es\/?p=274","title":{"rendered":"Celebramos el D\u00eda de la Constituci\u00f3n Espa\u00f1ola"},"content":{"rendered":"<p><img decoding=\"async\" src=\"images\/FOTO_WEB_CONST.jpg\" alt=\"FOTO WEB CONST\" style=\"margin: 5px auto; display: block;\" \/><\/p>\n<p><span style=\"font-size: 1em;\">Con el objetivo de que el alumnado tenga una mayor conciencia de la importancia de nuestra carta magna, en general y de los aspectos que conciernen a la libertad de ense&ntilde;anza en particular, as&iacute; como de la riqueza que supone formar parte de la comunidad educativa de Escuelas Cat&oacute;licas hemos reflexionado sobre el art&iacute;culo 27 de nuestra constituci&oacute;n.<\/span><\/p>\n<p><em>\u00abLas mentes son como un paraca&iacute;das, s&oacute;lo funcionan si se abren\u00bb<\/em>: nuestra motivaci&oacute;n, reflexionar en torno a la libertad de ense&ntilde;anza (art&iacute;culo 27) y establecer la relaci&oacute;n existente de la frase con el acontecimiento que vamos a celebrar: Celebraci&oacute;n del D&iacute;a de la Constituci&oacute;n de 1978, la cual, sin unas mentes abiertas y flexibles, hubiese sido imposible su redacci&oacute;n y posterior promulgaci&oacute;n.<\/p>\n<p>Hemos llevado a cabo distintas actividades de motivaci&oacute;n: juego de pasapalabra sobre la Constituci&oacute;n; lluvia de ideas; proyecci&oacute;n del video ECA; ambientaci&oacute;n del colegio y finalmente hemos estado conectados en las redes con en el hashtag: <strong>#somoslosdel27<\/strong><\/p>\n","protected":false},"excerpt":{"rendered":"<p>Con el objetivo de que el alumnado tenga una mayor conciencia de la importancia de nuestra carta magna, en general y de los aspectos que conciernen a la libertad de ense&ntilde;anza en particular, as&iacute; como de la riqueza que supone formar parte de la comunidad educativa de Escuelas Cat&oacute;licas hemos reflexionado sobre el art&iacute;culo 27 [&hellip;]<\/p>\n","protected":false},"author":9,"featured_media":0,"comment_status":"open","ping_status":"open","sticky":false,"template":"","format":"standard","meta":{"_seopress_robots_primary_cat":"","_seopress_titles_title":"","_seopress_titles_desc":"","_seopress_robots_index":"","footnotes":""},"categories":[89],"tags":[],"class_list":["post-274","post","type-post","status-publish","format-standard","hentry","category-blog"],"_links":{"self":[{"href":"https:\/\/granada.fesofiabarat.es\/index.php?rest_route=\/wp\/v2\/posts\/274","targetHints":{"allow":["GET"]}}],"collection":[{"href":"https:\/\/granada.fesofiabarat.es\/index.php?rest_route=\/wp\/v2\/posts"}],"about":[{"href":"https:\/\/granada.fesofiabarat.es\/index.php?rest_route=\/wp\/v2\/types\/post"}],"author":[{"embeddable":true,"href":"https:\/\/granada.fesofiabarat.es\/index.php?rest_route=\/wp\/v2\/users\/9"}],"replies":[{"embeddable":true,"href":"https:\/\/granada.fesofiabarat.es\/index.php?rest_route=%2Fwp%2Fv2%2Fcomments&post=274"}],"version-history":[{"count":1,"href":"https:\/\/granada.fesofiabarat.es\/index.php?rest_route=\/wp\/v2\/posts\/274\/revisions"}],"predecessor-version":[{"id":834,"href":"https:\/\/granada.fesofiabarat.es\/index.php?rest_route=\/wp\/v2\/posts\/274\/revisions\/834"}],"wp:attachment":[{"href":"https:\/\/granada.fesofiabarat.es\/index.php?rest_route=%2Fwp%2Fv2%2Fmedia&parent=274"}],"wp:term":[{"taxonomy":"category","embeddable":true,"href":"https:\/\/granada.fesofiabarat.es\/index.php?rest_route=%2Fwp%2Fv2%2Fcategories&post=274"},{"taxonomy":"post_tag","embeddable":true,"href":"https:\/\/granada.fesofiabarat.es\/index.php?rest_route=%2Fwp%2Fv2%2Ftags&post=274"}],"curies":[{"name":"wp","href":"https:\/\/api.w.org\/{rel}","templated":true}]}}